{"id":3021,"date":"2012-06-11T11:08:42","date_gmt":"2012-06-11T11:08:42","guid":{"rendered":"http:\/\/www.pladebarrisdelaflorida.cat\/es\/?p=3021"},"modified":"2016-09-08T11:09:55","modified_gmt":"2016-09-08T11:09:55","slug":"inauguracion-del-aula-tic-del-pla-de-barris-de-la-florida-2","status":"publish","type":"post","link":"https:\/\/www.pladebarrisdelaflorida.cat\/es\/inauguracion-del-aula-tic-del-pla-de-barris-de-la-florida-2\/","title":{"rendered":"Inauguraci\u00f3n del Aula TIC del Pla de Barris de la Florida"},"content":{"rendered":"<h6 id=\"newsIMG\"><span style=\"color: #808080;\">11\/06\/2012<\/span><\/h6>\n<div id=\"newsEntradeta\">\n<h5 style=\"text-align: justify;\"><span style=\"color: #000000;\"><em>Dentro de las actuaciones del Pla de Barris, el viernes 8 de junio, se inaugur\u00f3 una nueva aula de Nuevas tecnolog\u00edas en el Centro Polivalente del barrio de la Florida de Miami Playa.<\/em><\/span><\/h5>\n<\/div>\n<div class=\"newsCos\">\n<p style=\"text-align: justify;\"><a class=\"cbox\" href=\"\/wp-content\/uploads\/ant\/_tb\/00\/00\/3b-900x600.jpg\" rel=\"noticia\"><img decoding=\"async\" class=\"alignright\" src=\"\/wp-content\/uploads\/ant\/_tb\/00\/00\/3b-200x350.jpg\" alt=\"Inauguraci\u00f3n del Aula TIC del Pla de Barris de la Florida\" \/><\/a>El acto que present\u00f3 el aula fue conducido por el alcalde de Mont-roig del Camp, Ferran Pellicer, que defini\u00f3 el aula como una herramienta de ayuda para salir de la crisis y anim\u00f3 a todos los ciudadanos a pedir al Aula TIC y al proyecto del Pla de Barris en general, todo aquello que precisen para mejorar aspectos de su vida profesional.<\/p>\n<p style=\"text-align: justify;\">El regidor responsable del Pla de Barris, Francisco Chamizo, detall\u00f3 las actuaciones realizadas dentro del programa de Pla de Barris, y explic\u00f3 las diferentes actividades programadas para el Aula TIC, la primera de las cuales es el curso de ruso. Despu\u00e9s del verano, la actividad formativa del Aula TIC se reforzar\u00e1 con cursos del Servicio de Ocupaci\u00f3n de Catalu\u00f1a con el objetivo de mejorar las posibilidades de los alumnos de encontrar empleo una vez finalizada la formaci\u00f3n.<\/p>\n<p style=\"text-align: justify;\">Vanesa Mora, de Daleph formaci\u00f3n (empresa encargada de gestionar los cursos del SOC despu\u00e9s del verano) hizo su aportaci\u00f3n explicando la importancia de las redes sociales como motor de b\u00fasqueda de ofertas de trabajo que no se pueden localizar en otros medios.<\/p>\n<p style=\"text-align: justify;\">El aula dispone de todos los medios de \u00faltima generaci\u00f3n necesarios (terminales y ordenador para el profesor y los alumnos, proyector integrado, sistemas audio\u2026) y de una capacidad de 24 alumnos.<\/p>\n<\/div>\n","protected":false},"excerpt":{"rendered":"<p>11\/06\/2012 Dentro de las actuaciones del Pla de Barris, el viernes 8 de junio, se inaugur\u00f3 una nueva aula de Nuevas tecnolog\u00edas en el Centro Polivalente del barrio de la Florida de Miami Playa. El acto que present\u00f3 el aula fue conducido por el alcalde de Mont-roig del Camp, Ferran Pellicer, que defini\u00f3 el aula como una herramienta de ayuda para salir de la crisis y anim\u00f3 a todos los ciudadanos a pedir al Aula TIC y al proyecto del Pla de Barris en general, todo aquello que precisen para mejorar aspectos de su vida profesional. El regidor responsable del Pla de Barris, Francisco Chamizo, detall\u00f3 las actuaciones realizadas dentro del programa de Pla de Barris, y explic\u00f3 las diferentes actividades programadas para el Aula TIC, la primera de las cuales es el curso de ruso. Despu\u00e9s del verano, la actividad formativa del Aula TIC se reforzar\u00e1 con cursos del Servicio de Ocupaci\u00f3n de Catalu\u00f1a con el objetivo de mejorar las posibilidades de los alumnos de encontrar empleo una vez finalizada la formaci\u00f3n. Vanesa Mora, de Daleph formaci\u00f3n (empresa encargada de gestionar los cursos del SOC despu\u00e9s del verano) hizo su aportaci\u00f3n explicando la importancia de las redes sociales como&#8230;.<\/p>\n","protected":false},"author":1,"featured_media":0,"comment_status":"closed","ping_status":"closed","sticky":false,"template":"","format":"standard","meta":{"footnotes":""},"categories":[2],"tags":[],"class_list":["post-3021","post","type-post","status-publish","format-standard","hentry","category-general-es"],"_links":{"self":[{"href":"https:\/\/www.pladebarrisdelaflorida.cat\/es\/wp-json\/wp\/v2\/posts\/3021\/"}],"collection":[{"href":"https:\/\/www.pladebarrisdelaflorida.cat\/es\/wp-json\/wp\/v2\/posts\/"}],"about":[{"href":"https:\/\/www.pladebarrisdelaflorida.cat\/es\/wp-json\/wp\/v2\/types\/post\/"}],"author":[{"embeddable":true,"href":"https:\/\/www.pladebarrisdelaflorida.cat\/es\/wp-json\/wp\/v2\/users\/1\/"}],"replies":[{"embeddable":true,"href":"https:\/\/www.pladebarrisdelaflorida.cat\/es\/wp-json\/wp\/v2\/comments\/?post=3021"}],"version-history":[{"count":1,"href":"https:\/\/www.pladebarrisdelaflorida.cat\/es\/wp-json\/wp\/v2\/posts\/3021\/revisions\/"}],"predecessor-version":[{"id":3022,"href":"https:\/\/www.pladebarrisdelaflorida.cat\/es\/wp-json\/wp\/v2\/posts\/3021\/revisions\/3022\/"}],"wp:attachment":[{"href":"https:\/\/www.pladebarrisdelaflorida.cat\/es\/wp-json\/wp\/v2\/media\/?parent=3021"}],"wp:term":[{"taxonomy":"category","embeddable":true,"href":"https:\/\/www.pladebarrisdelaflorida.cat\/es\/wp-json\/wp\/v2\/categories\/?post=3021"},{"taxonomy":"post_tag","embeddable":true,"href":"https:\/\/www.pladebarrisdelaflorida.cat\/es\/wp-json\/wp\/v2\/tags\/?post=3021"}],"curies":[{"name":"wp","href":"https:\/\/api.w.org\/{rel}","templated":true}]}}