{"id":6128,"date":"2019-02-13T07:45:20","date_gmt":"2019-02-13T07:45:20","guid":{"rendered":"http:\/\/www.pladebarrisdelaflorida.cat\/?p=6128"},"modified":"2019-02-13T07:45:20","modified_gmt":"2019-02-13T07:45:20","slug":"evolucion-de-las-obras-de-la-avenida-de-barcelona-4","status":"publish","type":"post","link":"https:\/\/www.pladebarrisdelaflorida.cat\/es\/evolucion-de-las-obras-de-la-avenida-de-barcelona-4\/","title":{"rendered":"EVOLUCI\u00d3N DE LAS OBRAS DE LA AVENIDA DE BARCELONA"},"content":{"rendered":"<div class=\"post-meta\"><\/div>\n<div class=\"entry-content\">\n<div id=\"attachment_34201\" class=\"wp-caption alignright\">\n<p class=\"wp-caption-text\">\n<\/div>\n<p>El Ayuntamiento de Mont-roig del Camp informa de las novedades en relaci\u00f3n a la obra de renovaci\u00f3n y mejora de los servicios urbanos y pavimentaci\u00f3n de cerca de un kil\u00f3metro de la avenida de Barcelona.<a href=\"http:\/\/www.pladebarrisdelaflorida.cat\/wp-content\/uploads\/2019\/02\/IMG_20190125_110001_505-463x348.jpg\"><img loading=\"lazy\" decoding=\"async\" class=\"wp-image-6125 alignright\" src=\"http:\/\/www.pladebarrisdelaflorida.cat\/wp-content\/uploads\/2019\/02\/IMG_20190125_110001_505-463x348.jpg\" alt=\"\" width=\"328\" height=\"247\" srcset=\"https:\/\/www.pladebarrisdelaflorida.cat\/wp-content\/uploads\/2019\/02\/IMG_20190125_110001_505-463x348.jpg 463w, https:\/\/www.pladebarrisdelaflorida.cat\/wp-content\/uploads\/2019\/02\/IMG_20190125_110001_505-463x348-300x225.jpg 300w, https:\/\/www.pladebarrisdelaflorida.cat\/wp-content\/uploads\/2019\/02\/IMG_20190125_110001_505-463x348-372x279.jpg 372w\" sizes=\"auto, (max-width: 328px) 100vw, 328px\" \/><\/a><\/p>\n<ul>\n<li>Una vez terminados los trabajos de mayor complejidad de la obra, correspondientes a las diferentes redes de servicios como alcantarillado, agua potable, telecomunicaciones o gas, en estos momentos se est\u00e1n ejecutando tareas de pavimentaci\u00f3n, alumbrado p\u00fablico y jardiner\u00eda, que forman parte de la recta final de las obras.<\/li>\n<li>M\u00e1s concretamente, en el tramo comprendido entre plaza de Tarragona y avenida de California se est\u00e1n llevando a cabo los trabajos previos de jardiner\u00eda (preparaci\u00f3n de los parterres, montaje de la red de riego, hoyos de plantaci\u00f3n\u2026), colocaci\u00f3n de farolas y la ejecuci\u00f3n de los fundamentos del mobiliario urbano (bancos, papeleras, marquesinas, juegos infantiles \u2026)<\/li>\n<li>Los pr\u00f3ximos d\u00edas, en este tramo, est\u00e1 previsto tambi\u00e9n el comienzo del asfaltado de la segunda capa de las aceras y del carril bici. Una vez terminada esta pavimentaci\u00f3n se colocar\u00e1 el mobiliario urbano y la se\u00f1alizaci\u00f3n viaria.<\/li>\n<li>En cuanto al tramo entre avenida de California y avenida de C\u00e1diz, se est\u00e1n terminando los trabajos de colocaci\u00f3n de la losa de las aceras. Por otra parte, esta semana se prev\u00e9n realizar los fundamentos de las farolas, la colocaci\u00f3n de la chapa de hierro corten del carril bici, as\u00ed como la creaci\u00f3n de los parterres.<\/li>\n<li>En relaci\u00f3n a la circulaci\u00f3n de veh\u00edculos, esta semana se ha abierto al tr\u00e1fico el cruce de la avenida de Viena, que ya quedar\u00e1 transitable hasta final de obra. Por otra parte, desde este lunes y durante una semana el cruce de la avenida de California queda cerrado al tr\u00e1fico.<\/li>\n<\/ul>\n<\/div>\n","protected":false},"excerpt":{"rendered":"<p>El Ayuntamiento de Mont-roig del Camp informa de las novedades en relaci\u00f3n a la obra de renovaci\u00f3n y mejora de los servicios urbanos y pavimentaci\u00f3n de cerca de un kil\u00f3metro de la avenida de Barcelona. Una vez terminados los trabajos de mayor complejidad de la obra, correspondientes a las diferentes redes de servicios como alcantarillado, agua potable, telecomunicaciones o gas, en estos momentos se est\u00e1n ejecutando tareas de pavimentaci\u00f3n, alumbrado p\u00fablico y jardiner\u00eda, que forman parte de la recta final de las obras. M\u00e1s concretamente, en el tramo comprendido entre plaza de Tarragona y avenida de California se est\u00e1n llevando a cabo los trabajos previos de jardiner\u00eda (preparaci\u00f3n de los parterres, montaje de la red de riego, hoyos de plantaci\u00f3n\u2026), colocaci\u00f3n de farolas y la ejecuci\u00f3n de los fundamentos del mobiliario urbano (bancos, papeleras, marquesinas, juegos infantiles \u2026) Los pr\u00f3ximos d\u00edas, en este tramo, est\u00e1 previsto tambi\u00e9n el comienzo del asfaltado de la segunda capa de las aceras y del carril bici. Una vez terminada esta pavimentaci\u00f3n se colocar\u00e1 el mobiliario urbano y la se\u00f1alizaci\u00f3n viaria. En cuanto al tramo entre avenida de California y avenida de C\u00e1diz, se est\u00e1n terminando los trabajos de colocaci\u00f3n de la losa de las&#8230;.<\/p>\n","protected":false},"author":1,"featured_media":6125,"comment_status":"closed","ping_status":"closed","sticky":false,"template":"","format":"standard","meta":{"footnotes":""},"categories":[2],"tags":[],"class_list":["post-6128","post","type-post","status-publish","format-standard","has-post-thumbnail","hentry","category-general-es"],"_links":{"self":[{"href":"https:\/\/www.pladebarrisdelaflorida.cat\/es\/wp-json\/wp\/v2\/posts\/6128\/"}],"collection":[{"href":"https:\/\/www.pladebarrisdelaflorida.cat\/es\/wp-json\/wp\/v2\/posts\/"}],"about":[{"href":"https:\/\/www.pladebarrisdelaflorida.cat\/es\/wp-json\/wp\/v2\/types\/post\/"}],"author":[{"embeddable":true,"href":"https:\/\/www.pladebarrisdelaflorida.cat\/es\/wp-json\/wp\/v2\/users\/1\/"}],"replies":[{"embeddable":true,"href":"https:\/\/www.pladebarrisdelaflorida.cat\/es\/wp-json\/wp\/v2\/comments\/?post=6128"}],"version-history":[{"count":1,"href":"https:\/\/www.pladebarrisdelaflorida.cat\/es\/wp-json\/wp\/v2\/posts\/6128\/revisions\/"}],"predecessor-version":[{"id":6129,"href":"https:\/\/www.pladebarrisdelaflorida.cat\/es\/wp-json\/wp\/v2\/posts\/6128\/revisions\/6129\/"}],"wp:featuredmedia":[{"embeddable":true,"href":"https:\/\/www.pladebarrisdelaflorida.cat\/es\/wp-json\/wp\/v2\/media\/6125\/"}],"wp:attachment":[{"href":"https:\/\/www.pladebarrisdelaflorida.cat\/es\/wp-json\/wp\/v2\/media\/?parent=6128"}],"wp:term":[{"taxonomy":"category","embeddable":true,"href":"https:\/\/www.pladebarrisdelaflorida.cat\/es\/wp-json\/wp\/v2\/categories\/?post=6128"},{"taxonomy":"post_tag","embeddable":true,"href":"https:\/\/www.pladebarrisdelaflorida.cat\/es\/wp-json\/wp\/v2\/tags\/?post=6128"}],"curies":[{"name":"wp","href":"https:\/\/api.w.org\/{rel}","templated":true}]}}